{"id":514,"date":"2020-09-05T23:11:27","date_gmt":"2020-09-05T21:11:27","guid":{"rendered":"http:\/\/tennis-privas.fr\/?p=514"},"modified":"2020-09-05T23:18:18","modified_gmt":"2020-09-05T21:18:18","slug":"adhesion-saison-2020-2021","status":"publish","type":"post","link":"https:\/\/tennis-privas.fr\/?p=514","title":{"rendered":"adh\u00e9sion  SAISON 2020\/2021"},"content":{"rendered":"\n<p>Le bureau vous ouvre ses portes pour les inscriptions de cette nouvelle saison qui commence .<br>Des permanences sont mises en place pour recevoir , abonnements, inscriptions cours collectifs !!!<br>Petit rappel , un certificat m\u00e9dical est obligatoire pour toute inscription, un questionnaire de sant\u00e9 suffit lorsque le certificat date de moins de 03  ans . IMPORTANT: LA MENTION  APTE AUX COMPETITIONS doit appara\u00eetre si vous souhaitez participer \u00e0 un tournoi en cours de saison \/<br><br>Ouverture du bureau pour les inscriptions <br>Lundi 07  septembre  de 17h00  \u00e0 19h00<br>Mercredi 09 septembre  de 15h00 \u00e0 19h00<br>Vendredi 11 septembre de  17h00 \u00e0 19h00<br>Samedi 12  septembre de 10h00 \u00e0 12h00 <br>Lundi 14 septembre de 17h00 \u00e0 19h00 <br>Mercredi 16  septembre de 15h00 \u00e0 19h00 <br>Vendredi 18 septembre de 17h00 \u00e0 19h00 <br>Samedi 19 septembre de 10h00 \u00e0 12h00 <br><\/p>\n","protected":false},"excerpt":{"rendered":"<p>Le bureau vous ouvre ses portes pour les inscriptions de cette nouvelle saison qui commence .Des permanences sont mises en place pour recevoir , abonnements, inscriptions cours collectifs !!!Petit rappel , un certificat m\u00e9dical est obligatoire pour toute inscription, un questionnaire de sant\u00e9 suffit lorsque le certificat date de moins de 03 ans . IMPORTANT: [&hellip;]<\/p>\n","protected":false},"author":1,"featured_media":0,"comment_status":"open","ping_status":"open","sticky":false,"template":"","format":"standard","meta":{"_et_pb_use_builder":"","_et_pb_old_content":""},"categories":[1],"tags":[],"_links":{"self":[{"href":"https:\/\/tennis-privas.fr\/index.php?rest_route=\/wp\/v2\/posts\/514"}],"collection":[{"href":"https:\/\/tennis-privas.fr\/index.php?rest_route=\/wp\/v2\/posts"}],"about":[{"href":"https:\/\/tennis-privas.fr\/index.php?rest_route=\/wp\/v2\/types\/post"}],"author":[{"embeddable":true,"href":"https:\/\/tennis-privas.fr\/index.php?rest_route=\/wp\/v2\/users\/1"}],"replies":[{"embeddable":true,"href":"https:\/\/tennis-privas.fr\/index.php?rest_route=%2Fwp%2Fv2%2Fcomments&post=514"}],"version-history":[{"count":2,"href":"https:\/\/tennis-privas.fr\/index.php?rest_route=\/wp\/v2\/posts\/514\/revisions"}],"predecessor-version":[{"id":522,"href":"https:\/\/tennis-privas.fr\/index.php?rest_route=\/wp\/v2\/posts\/514\/revisions\/522"}],"wp:attachment":[{"href":"https:\/\/tennis-privas.fr\/index.php?rest_route=%2Fwp%2Fv2%2Fmedia&parent=514"}],"wp:term":[{"taxonomy":"category","embeddable":true,"href":"https:\/\/tennis-privas.fr\/index.php?rest_route=%2Fwp%2Fv2%2Fcategories&post=514"},{"taxonomy":"post_tag","embeddable":true,"href":"https:\/\/tennis-privas.fr\/index.php?rest_route=%2Fwp%2Fv2%2Ftags&post=514"}],"curies":[{"name":"wp","href":"https:\/\/api.w.org\/{rel}","templated":true}]}}