{"id":435,"date":"2019-12-03T21:52:11","date_gmt":"2019-12-03T20:52:11","guid":{"rendered":"http:\/\/tennis-privas.fr\/?p=435"},"modified":"2019-12-03T21:52:12","modified_gmt":"2019-12-03T20:52:12","slug":"resultats-open-de-privas-journee-du-1er-decembre","status":"publish","type":"post","link":"https:\/\/tennis-privas.fr\/?p=435","title":{"rendered":"R\u00e9sultats Open de Privas journ\u00e9e du 1er d\u00e9cembre"},"content":{"rendered":"<p>Echos des 1\/2 finales Dames du 1er d\u00e9cembre<br \/>\nTH.Truong -4\/6 TC Murois bat J. Anger -15 OSS Sannois 2\/6 6\/2 6\/2<br \/>\nC. Vernet -15 TC M\u00e9ru bat S. Tsitskishvili -15 Montb\u00e9lliard 6\/2 7\/5<\/p>\n<p><img loading=\"lazy\" class=\"alignnone size-medium wp-image-441\" src=\"http:\/\/tennis-privas.fr\/wp-content\/uploads\/2019\/12\/FB_IMG_1575324818281-1-169x300.jpg\" alt=\"\" width=\"169\" height=\"300\" srcset=\"https:\/\/tennis-privas.fr\/wp-content\/uploads\/2019\/12\/FB_IMG_1575324818281-1-169x300.jpg 169w, https:\/\/tennis-privas.fr\/wp-content\/uploads\/2019\/12\/FB_IMG_1575324818281-1-768x1365.jpg 768w, https:\/\/tennis-privas.fr\/wp-content\/uploads\/2019\/12\/FB_IMG_1575324818281-1-576x1024.jpg 576w, https:\/\/tennis-privas.fr\/wp-content\/uploads\/2019\/12\/FB_IMG_1575324818281-1-1080x1920.jpg 1080w, https:\/\/tennis-privas.fr\/wp-content\/uploads\/2019\/12\/FB_IMG_1575324818281-1.jpg 1134w\" sizes=\"(max-width: 169px) 100vw, 169px\" \/><\/p>\n","protected":false},"excerpt":{"rendered":"<p>Echos des 1\/2 finales Dames du 1er d\u00e9cembre TH.Truong -4\/6 TC Murois bat J. Anger -15 OSS Sannois 2\/6 6\/2 6\/2 C. Vernet -15 TC M\u00e9ru bat S. Tsitskishvili -15 Montb\u00e9lliard 6\/2 7\/5<\/p>\n","protected":false},"author":1,"featured_media":445,"comment_status":"open","ping_status":"open","sticky":false,"template":"","format":"standard","meta":{"_et_pb_use_builder":"","_et_pb_old_content":""},"categories":[1],"tags":[],"_links":{"self":[{"href":"https:\/\/tennis-privas.fr\/index.php?rest_route=\/wp\/v2\/posts\/435"}],"collection":[{"href":"https:\/\/tennis-privas.fr\/index.php?rest_route=\/wp\/v2\/posts"}],"about":[{"href":"https:\/\/tennis-privas.fr\/index.php?rest_route=\/wp\/v2\/types\/post"}],"author":[{"embeddable":true,"href":"https:\/\/tennis-privas.fr\/index.php?rest_route=\/wp\/v2\/users\/1"}],"replies":[{"embeddable":true,"href":"https:\/\/tennis-privas.fr\/index.php?rest_route=%2Fwp%2Fv2%2Fcomments&post=435"}],"version-history":[{"count":2,"href":"https:\/\/tennis-privas.fr\/index.php?rest_route=\/wp\/v2\/posts\/435\/revisions"}],"predecessor-version":[{"id":446,"href":"https:\/\/tennis-privas.fr\/index.php?rest_route=\/wp\/v2\/posts\/435\/revisions\/446"}],"wp:featuredmedia":[{"embeddable":true,"href":"https:\/\/tennis-privas.fr\/index.php?rest_route=\/wp\/v2\/media\/445"}],"wp:attachment":[{"href":"https:\/\/tennis-privas.fr\/index.php?rest_route=%2Fwp%2Fv2%2Fmedia&parent=435"}],"wp:term":[{"taxonomy":"category","embeddable":true,"href":"https:\/\/tennis-privas.fr\/index.php?rest_route=%2Fwp%2Fv2%2Fcategories&post=435"},{"taxonomy":"post_tag","embeddable":true,"href":"https:\/\/tennis-privas.fr\/index.php?rest_route=%2Fwp%2Fv2%2Ftags&post=435"}],"curies":[{"name":"wp","href":"https:\/\/api.w.org\/{rel}","templated":true}]}}