{"id":399,"date":"2019-12-02T22:36:46","date_gmt":"2019-12-02T21:36:46","guid":{"rendered":"http:\/\/tennis-privas.fr\/?p=399"},"modified":"2019-12-02T22:36:47","modified_gmt":"2019-12-02T21:36:47","slug":"resultats-open-de-privas-journee-du-28-novembre","status":"publish","type":"post","link":"https:\/\/tennis-privas.fr\/?p=399","title":{"rendered":"R\u00e9sultats Open de Privas journ\u00e9e du 28 Novembre"},"content":{"rendered":"<p>Echos de l Open du 27 novembre<br \/>\nLes phases finales arrivent, de tr\u00e8s beaux matchs \u00e0 voir tous les jours d\u00e8s 9h30 du matin jusqu&rsquo;au bout de la nuit<br \/>\nT. Beaucourt 0 Strasbourg bat T. Seux 2\/6 ASPTT Montpellier 6\/2 6\/2<br \/>\nM. Bodichon 0 Lyon bat T. Godille 1\/6 Nice 7\/6 6\/2<br \/>\nY. Ghazouani 0 BDP Bat M. Niziolek 1\/6 Nice 7\/6 6\/2<br \/>\nP. Ligay 2\/6 Lyon bat C. Laguet 5\/6 Romans 6\/3 6\/0<br \/>\nL. Shupien 0 Marignane bat T. Genet 2\/6 Romans 3\/0 AB<br \/>\nJ. Ghasami 0 Marignane bat T. Becourt 0 Strasbourg 6\/4 6\/2<br \/>\nB. Nourvy 0 Gueugnon bat A. Pollet Thiollier 2\/6 Annecy 6\/4 7\/6<br \/>\nL. Picaud 0 Valence bat Y. Viel 0 Annecy 3\/6 7\/5 6\/2<br \/>\nA. Vincent 0 Metz bat G. Bit 0 Romans 6\/2 6\/2<br \/>\nJ. Rouchon 1\/6 Romans bat K. Maitre 0 Brive 4\/6 7\/5 7\/6.<\/p>\n<p><img loading=\"lazy\" class=\"alignnone size-medium wp-image-403\" src=\"http:\/\/tennis-privas.fr\/wp-content\/uploads\/2019\/12\/FB_IMG_1575322264253-169x300.jpg\" alt=\"\" width=\"169\" height=\"300\" srcset=\"https:\/\/tennis-privas.fr\/wp-content\/uploads\/2019\/12\/FB_IMG_1575322264253-169x300.jpg 169w, https:\/\/tennis-privas.fr\/wp-content\/uploads\/2019\/12\/FB_IMG_1575322264253-768x1365.jpg 768w, https:\/\/tennis-privas.fr\/wp-content\/uploads\/2019\/12\/FB_IMG_1575322264253-576x1024.jpg 576w, https:\/\/tennis-privas.fr\/wp-content\/uploads\/2019\/12\/FB_IMG_1575322264253-1080x1920.jpg 1080w, https:\/\/tennis-privas.fr\/wp-content\/uploads\/2019\/12\/FB_IMG_1575322264253.jpg 1134w\" sizes=\"(max-width: 169px) 100vw, 169px\" \/>\u00a0 <img loading=\"lazy\" class=\"alignnone size-medium wp-image-405\" src=\"http:\/\/tennis-privas.fr\/wp-content\/uploads\/2019\/12\/FB_IMG_1575322257607-225x300.jpg\" alt=\"\" width=\"225\" height=\"300\" srcset=\"https:\/\/tennis-privas.fr\/wp-content\/uploads\/2019\/12\/FB_IMG_1575322257607-225x300.jpg 225w, https:\/\/tennis-privas.fr\/wp-content\/uploads\/2019\/12\/FB_IMG_1575322257607-768x1024.jpg 768w, https:\/\/tennis-privas.fr\/wp-content\/uploads\/2019\/12\/FB_IMG_1575322257607.jpg 1080w\" sizes=\"(max-width: 225px) 100vw, 225px\" \/> <img loading=\"lazy\" class=\"alignnone size-medium wp-image-407\" src=\"http:\/\/tennis-privas.fr\/wp-content\/uploads\/2019\/12\/FB_IMG_1575322254415-225x300.jpg\" alt=\"\" width=\"225\" height=\"300\" srcset=\"https:\/\/tennis-privas.fr\/wp-content\/uploads\/2019\/12\/FB_IMG_1575322254415-225x300.jpg 225w, https:\/\/tennis-privas.fr\/wp-content\/uploads\/2019\/12\/FB_IMG_1575322254415-768x1024.jpg 768w, https:\/\/tennis-privas.fr\/wp-content\/uploads\/2019\/12\/FB_IMG_1575322254415.jpg 1080w\" sizes=\"(max-width: 225px) 100vw, 225px\" \/> <img loading=\"lazy\" class=\"alignnone size-medium wp-image-408\" src=\"http:\/\/tennis-privas.fr\/wp-content\/uploads\/2019\/12\/FB_IMG_1575322250525-169x300.jpg\" alt=\"\" width=\"169\" height=\"300\" srcset=\"https:\/\/tennis-privas.fr\/wp-content\/uploads\/2019\/12\/FB_IMG_1575322250525-169x300.jpg 169w, https:\/\/tennis-privas.fr\/wp-content\/uploads\/2019\/12\/FB_IMG_1575322250525-768x1365.jpg 768w, https:\/\/tennis-privas.fr\/wp-content\/uploads\/2019\/12\/FB_IMG_1575322250525-576x1024.jpg 576w, https:\/\/tennis-privas.fr\/wp-content\/uploads\/2019\/12\/FB_IMG_1575322250525-1080x1920.jpg 1080w, https:\/\/tennis-privas.fr\/wp-content\/uploads\/2019\/12\/FB_IMG_1575322250525.jpg 1134w\" sizes=\"(max-width: 169px) 100vw, 169px\" \/><\/p>\n","protected":false},"excerpt":{"rendered":"<p>Echos de l Open du 27 novembre Les phases finales arrivent, de tr\u00e8s beaux matchs \u00e0 voir tous les jours d\u00e8s 9h30 du matin jusqu&rsquo;au bout de la nuit T. Beaucourt 0 Strasbourg bat T. Seux 2\/6 ASPTT Montpellier 6\/2 6\/2 M. Bodichon 0 Lyon bat T. Godille 1\/6 Nice 7\/6 6\/2 Y. Ghazouani 0 [&hellip;]<\/p>\n","protected":false},"author":1,"featured_media":403,"comment_status":"open","ping_status":"open","sticky":false,"template":"","format":"standard","meta":{"_et_pb_use_builder":"","_et_pb_old_content":""},"categories":[2],"tags":[],"_links":{"self":[{"href":"https:\/\/tennis-privas.fr\/index.php?rest_route=\/wp\/v2\/posts\/399"}],"collection":[{"href":"https:\/\/tennis-privas.fr\/index.php?rest_route=\/wp\/v2\/posts"}],"about":[{"href":"https:\/\/tennis-privas.fr\/index.php?rest_route=\/wp\/v2\/types\/post"}],"author":[{"embeddable":true,"href":"https:\/\/tennis-privas.fr\/index.php?rest_route=\/wp\/v2\/users\/1"}],"replies":[{"embeddable":true,"href":"https:\/\/tennis-privas.fr\/index.php?rest_route=%2Fwp%2Fv2%2Fcomments&post=399"}],"version-history":[{"count":2,"href":"https:\/\/tennis-privas.fr\/index.php?rest_route=\/wp\/v2\/posts\/399\/revisions"}],"predecessor-version":[{"id":409,"href":"https:\/\/tennis-privas.fr\/index.php?rest_route=\/wp\/v2\/posts\/399\/revisions\/409"}],"wp:featuredmedia":[{"embeddable":true,"href":"https:\/\/tennis-privas.fr\/index.php?rest_route=\/wp\/v2\/media\/403"}],"wp:attachment":[{"href":"https:\/\/tennis-privas.fr\/index.php?rest_route=%2Fwp%2Fv2%2Fmedia&parent=399"}],"wp:term":[{"taxonomy":"category","embeddable":true,"href":"https:\/\/tennis-privas.fr\/index.php?rest_route=%2Fwp%2Fv2%2Fcategories&post=399"},{"taxonomy":"post_tag","embeddable":true,"href":"https:\/\/tennis-privas.fr\/index.php?rest_route=%2Fwp%2Fv2%2Ftags&post=399"}],"curies":[{"name":"wp","href":"https:\/\/api.w.org\/{rel}","templated":true}]}}